{"id":3235,"date":"2025-10-22T12:55:44","date_gmt":"2025-10-22T12:55:44","guid":{"rendered":"https:\/\/dentalinn.ro\/?p=3235"},"modified":"2025-10-17T13:22:23","modified_gmt":"2025-10-17T13:22:23","slug":"parodontoza-fara-durere-pierdere-osoasa-brasov","status":"publish","type":"post","link":"https:\/\/dentalinn.ro\/en\/parodontoza-fara-durere-pierdere-osoasa-brasov\/","title":{"rendered":"C\u00e2nd \u00eencepe s\u0103 doar\u0103, este aproape prea t\u00e2rziu: adev\u0103rul dur despre parodontoz\u0103"},"content":{"rendered":"<div class=\"row row-full-width align-middle align-center\"  id=\"row-707204825\">\n\n\n\t<div id=\"col-1490200137\" class=\"col medium-6 small-12 large-6\"  >\n\t\t\t\t<div class=\"col-inner\"  >\n\t\t\t\n\t\t\t\n\n<p>Trebuie s\u0103 v\u0103 spunem un adev\u0103r dur, pe care mul\u021bi oameni \u00eel evit\u0103 sau \u00eel afl\u0103 atunci c\u00e2nd consecin\u021bele sunt deja grave. Un adev\u0103r pe care, din onestitate \u0219i respect pentru s\u0103n\u0103tatea dumneavoastr\u0103, vi-l transmitem direct: <strong>a a\u0219tepta s\u0103 apar\u0103 durerea pentru a trata problemele gingivale este cea mai mare gre\u0219eal\u0103 pe care o pute\u021bi face.<\/strong><\/p>\n<p>La Dental Inn Bra\u0219ov, credem \u00een onestitate \u0219i \u00een puterea preven\u021biei. De aceea, vrem s\u0103 \u00een\u021belege\u021bi de ce boala parodontal\u0103 este un inamic t\u0103cut \u0219i de ce ac\u021biunea timpurie este esen\u021bial\u0103.<\/p>\n<p>Dr. Ioana Zainea, medicul nostru specializat \u00een parodontologie, v\u0103 dezv\u0103luie realitatea din spatele durerii \u00een boala parodontal\u0103.<\/p>\n\n\t\t<\/div>\n\t\t\t\t\t<\/div>\n\n\t\n\n\t<div id=\"col-2134806748\" class=\"col medium-6 small-12 large-6\"  >\n\t\t\t\t<div class=\"col-inner\"  >\n\t\t\t\n\t\t\t\n\n<div class=\"video video-fit mb\" style=\"padding-top:90%;\"><iframe loading=\"lazy\" title=\"C\u00e2nd \u00eencepe s\u0103 doar\u0103, este aproape prea t\u00e2rziu: adev\u0103rul dur despre parodontoz\u0103\" width=\"563\" height=\"1000\" src=\"https:\/\/www.youtube.com\/embed\/-SJx9u1TlNg?feature=oembed\" frameborder=\"0\" allow=\"accelerometer; autoplay; clipboard-write; encrypted-media; gyroscope; picture-in-picture; web-share\" referrerpolicy=\"strict-origin-when-cross-origin\" allowfullscreen><\/iframe><\/div>\n\n\n\t\t<\/div>\n\t\t\t\t\t<\/div>\n\n\t\n\n\t<div id=\"col-425976465\" class=\"col small-12 large-12\"  >\n\t\t\t\t<div class=\"col-inner\"  >\n\t\t\t\n\t\t\t\n\n<hr \/>\n<h2>Adev\u0103rul \u0219ocant: c\u00e2t os ai pierdut deja c\u00e2nd apare durerea?<\/h2>\n<p>Aceasta este informa\u021bia crucial\u0103 pe care trebuie s\u0103 o re\u021bine\u021bi:<\/p>\n<p><strong>&#8222;C\u00e2nd parodontoza \u00eencepe s\u0103 doar\u0103, am pierdut deja 60% din osul care sus\u021bine din\u021bii.&#8221;<\/strong><\/p>\n<p>Acest procent \u0219ocant explic\u0103 de ce boala parodontal\u0103 este at\u00e2t de \u00een\u0219el\u0103toare. Ea avanseaz\u0103 lent, cronic \u0219i, cel mai important, <strong>F\u0102R\u0102 DURERE<\/strong> \u00een stadiile incipiente \u0219i moderate. Corpul nu trimite semnale de durere \u00een timp ce bacteriile distrug treptat \u0219i ireversibil osul din jurul r\u0103d\u0103cinilor.<\/p>\n<p>Durerea apare, de obicei, abia c\u00e2nd:<\/p>\n<ul>\n<li>Infec\u021bia se acutizeaz\u0103 \u0219i formeaz\u0103 un abces parodontal.<\/li>\n<li>Retrac\u021bia gingival\u0103 \u0219i osoas\u0103 este at\u00e2t de avansat\u0103 \u00eenc\u00e2t r\u0103d\u0103cinile devin expuse \u0219i sensibile.<\/li>\n<li>Dintele a pierdut at\u00e2t de mult suport osos \u00eenc\u00e2t devine mobil \u0219i doare \u00een timpul mastica\u021biei.<\/li>\n<\/ul>\n<p>A\u0219a cum spune \u0219i Dr. Zainea, <strong>&#8222;durerea vine c\u00e2nd e aproape prea t\u00e2rziu.&#8221;<\/strong><\/p>\n<hr \/>\n<h2>Solu\u021bia Dental Inn: trat\u0103m parodontoza \u00ceNAINTE s\u0103 doar\u0103<\/h2>\n<p>Filosofia noastr\u0103 de tratament la clinica din Bra\u0219ov este una proactiv\u0103. Nu a\u0219tept\u0103m ca boala s\u0103 ajung\u0103 \u00eentr-un stadiu critic. \u00cencuraj\u0103m pacien\u021bii s\u0103 ac\u021bioneze la primele semnale de alarm\u0103, cele care apar cu mult \u00eenaintea durerii:<\/p>\n<ul>\n<li><strong>S\u00e2ngerarea la periaj<\/strong><\/li>\n<li><strong>Gingiile ro\u0219ii \u0219i umflate<\/strong><\/li>\n<li><strong>Respira\u021bia nepl\u0103cut\u0103 persistent\u0103<\/strong><\/li>\n<\/ul>\n<blockquote>\n<p><strong>&#8222;De aceea, la Dental Inn, trat\u0103m parodontoza \u00eenainte s\u0103 doar\u0103, cu laser nechirurgical.&#8221;<\/strong><\/p>\n<\/blockquote>\n<p>Prin interven\u021bia timpurie cu terapie laser, putem opri evolu\u021bia bolii, putem elimina infec\u021bia \u0219i putem stabiliza starea de s\u0103n\u0103tate a gingiilor \u0219i a osului, p\u0103str\u00e2nd din\u021bii pe arcad\u0103. Este o abordare minim-invaziv\u0103, f\u0103r\u0103 durere \u0219i extrem de eficient\u0103 \u00een stadiile incipiente \u0219i moderate.<\/p>\n<hr \/>\n\n\t\t<\/div>\n\t\t\t\t\t<\/div>\n\n\t\n\n\t<div id=\"col-1757130501\" class=\"col small-12 large-12\"  >\n\t\t\t\t<div class=\"col-inner\"  >\n\t\t\t\n\t\t\t\n\n<h3 class=\"accordion_title\">\u00centreb\u0103ri frecvente despre parodontoz\u0103<\/h3><div class=\"accordion\">\n\n\t<div id=\"accordion-2906033768\" class=\"accordion-item\">\n\t\t<a id=\"accordion-2906033768-label\" class=\"accordion-title plain\" href=\"#accordion-item-dac\u0103-nu-m\u0103-doare-nimic,-cum-pot-\u0219ti-dac\u0103-am-o-problem\u0103?\" aria-expanded=\"false\" aria-controls=\"accordion-2906033768-content\">\n\t\t\t<button class=\"toggle\" aria-label=\"Toggle\"><i class=\"icon-angle-down\" aria-hidden=\"true\"><\/i><\/button>\n\t\t\t<span>Dac\u0103 nu m\u0103 doare nimic, cum pot \u0219ti dac\u0103 am o problem\u0103?<\/span>\n\t\t<\/a>\n\t\t<div id=\"accordion-2906033768-content\" class=\"accordion-inner\" aria-labelledby=\"accordion-2906033768-label\">\n\t\t\t\n\n<p>Singura modalitate sigur\u0103 este un control parodontal de specialitate. La clinica noastr\u0103 din Bra\u0219ov, medicul specialist va efectua o parodontometrie (m\u0103surarea ad\u00e2ncimii pungilor parodontale) pentru a evalua starea real\u0103 de s\u0103n\u0103tate a \u021besuturilor de sus\u021binere, care nu este vizibil\u0103 cu ochiul liber.<\/p>\n\n\t\t<\/div>\n\t<\/div>\n\t\n\t<div id=\"accordion-4167300143\" class=\"accordion-item\">\n\t\t<a id=\"accordion-4167300143-label\" class=\"accordion-title plain\" href=\"#accordion-item-ce-\u00eenseamn\u0103-exact-c\u0103-am-pierdut-60%-din-os?-se-mai-poate-salva-dintele?\" aria-expanded=\"false\" aria-controls=\"accordion-4167300143-content\">\n\t\t\t<button class=\"toggle\" aria-label=\"Toggle\"><i class=\"icon-angle-down\" aria-hidden=\"true\"><\/i><\/button>\n\t\t\t<span>Ce \u00eenseamn\u0103 exact c\u0103 am pierdut 60% din os? Se mai poate salva dintele?<\/span>\n\t\t<\/a>\n\t\t<div id=\"accordion-4167300143-content\" class=\"accordion-inner\" aria-labelledby=\"accordion-4167300143-label\">\n\t\t\t\n\n<p>\u00censeamn\u0103 c\u0103 dintele a pierdut mai mult de jum\u0103tate din funda\u021bia sa natural\u0103. De\u0219i salvarea dintelui este uneori posibil\u0103 prin tratamente parodontale avansate, prognosticul s\u0103u pe termen lung este rezervat. Scopul nostru este s\u0103 nu v\u0103 l\u0103s\u0103m s\u0103 ajunge\u021bi niciodat\u0103 \u00een acest punct.<\/p>\n\n\t\t<\/div>\n\t<\/div>\n\t\n\t<div id=\"accordion-690295000\" class=\"accordion-item\">\n\t\t<a id=\"accordion-690295000-label\" class=\"accordion-title plain\" href=\"#accordion-item-dac\u0103-deja-m\u0103-doare,-se-mai-poate-face-ceva?\" aria-expanded=\"false\" aria-controls=\"accordion-690295000-content\">\n\t\t\t<button class=\"toggle\" aria-label=\"Toggle\"><i class=\"icon-angle-down\" aria-hidden=\"true\"><\/i><\/button>\n\t\t\t<span>Dac\u0103 deja m\u0103 doare, se mai poate face ceva?<\/span>\n\t\t<\/a>\n\t\t<div id=\"accordion-690295000-content\" class=\"accordion-inner\" aria-labelledby=\"accordion-690295000-label\">\n\t\t\t\n\n<p>Da, este absolut esen\u021bial s\u0103 veni\u021bi de urgen\u021b\u0103 la o consulta\u021bie. Chiar dac\u0103 daunele sunt avansate, obiectivul nostru va fi s\u0103 elimin\u0103m infec\u021bia, s\u0103 oprim progresia bolii \u0219i s\u0103 \u00eencerc\u0103m s\u0103 salv\u0103m din\u021bii care mai pot fi salva\u021bi.<\/p>\n\n\t\t<\/div>\n\t<\/div>\n\t\n\n<\/div>\n\n\t\t<\/div>\n\t\t\t\t\t<\/div>\n\n\t\n\n\t<div id=\"col-1865054382\" class=\"col small-12 large-12\"  >\n\t\t\t\t<div class=\"col-inner\"  >\n\t\t\t\n\t\t\t\n\n<hr \/>\n<h2>Nu a\u0219tepta durerea. Ac\u021bioneaz\u0103 acum!<\/h2>\n<p>Durerea nu este un indicator de \u00eencredere \u00een boala parodontal\u0103. Ea este un semnal de alarm\u0103 tardiv. Adev\u0103rata \u00een\u021belepciune st\u0103 \u00een a ac\u021biona la primele semne, cele t\u0103cute \u0219i nedureroase.<\/p>\n<p>Nu a\u0219tepta\u021bi ca durerea s\u0103 v\u0103 aduc\u0103 la medic. Acesta este cel mai important sfat pe care vi-l putem oferi.<\/p>\n<p><strong>Programeaz\u0103-te acum pentru un control parodontal la Dental Inn Bra\u0219ov \u0219i haide\u021bi s\u0103 trat\u0103m problemele \u00eenainte ca ele s\u0103 devin\u0103 urgen\u021be dureroase \u0219i greu de gestionat!<\/strong><\/p>\n\n\t\t<\/div>\n\t\t\t\t\t<\/div>\n\n\t\n\n<\/div>\n<div class=\"row show-for-small\"  id=\"row-225233203\">\n\n\n\t<div id=\"col-969280991\" class=\"col small-12 large-12\"  data-animate=\"fadeInUp\">\n\t\t\t\t<div class=\"col-inner\"  >\n\t\t\t\n\t\t\t\n\n<p class=\"uppercase\"><strong><span style=\"font-size: 150%;\" data-line-height=\"s\">Reserve your spot now <\/span><\/strong><\/p>\n<div class=\"is-divider divider clearfix\" style=\"margin-top:0px;margin-bottom:0px;max-width:300px;height:1px;background-color:rgb(170, 172, 161);\"><\/div>\n\n<p>A smile is the most beautiful accessory you can wear. Our team of specialist doctors will help guide you to ensure you receive the most suitable treatment for you.<\/p>\n<span class=\"scroll-to\" data-label=\"Scroll to: #form\" data-bullet=\"false\" data-link=\"#form\" data-title=\"form\"><a name=\"form\"><\/a><\/span>\n\n\n<div class=\"wpcf7 no-js\" id=\"wpcf7-f16-o1\" lang=\"en-US\" dir=\"ltr\" data-wpcf7-id=\"16\">\n<div class=\"screen-reader-response\"><p role=\"status\" aria-live=\"polite\" aria-atomic=\"true\"><\/p> <ul><\/ul><\/div>\n<form action=\"\/en\/wp-json\/wp\/v2\/posts\/3235#wpcf7-f16-o1\" method=\"post\" class=\"wpcf7-form init\" aria-label=\"Contact form\" novalidate=\"novalidate\" data-status=\"init\" data-trp-original-action=\"\/en\/wp-json\/wp\/v2\/posts\/3235#wpcf7-f16-o1\">\n<fieldset class=\"hidden-fields-container\"><input type=\"hidden\" name=\"_wpcf7\" value=\"16\" \/><input type=\"hidden\" name=\"_wpcf7_version\" value=\"6.1.5\" \/><input type=\"hidden\" name=\"_wpcf7_locale\" value=\"en_US\" \/><input type=\"hidden\" name=\"_wpcf7_unit_tag\" value=\"wpcf7-f16-o1\" \/><input type=\"hidden\" name=\"_wpcf7_container_post\" value=\"0\" \/><input type=\"hidden\" name=\"_wpcf7_posted_data_hash\" value=\"\" \/><input type=\"hidden\" name=\"_wpcf7_recaptcha_response\" value=\"\" \/>\n<\/fieldset>\n<p><label><br \/>\n<span class=\"wpcf7-form-control-wrap\" data-name=\"text-352\"><input size=\"40\" maxlength=\"400\" class=\"wpcf7-form-control wpcf7-text wpcf7-validates-as-required\" aria-required=\"true\" aria-invalid=\"false\" placeholder=\"First and last name\" value=\"\" type=\"text\" name=\"text-352\" \/><\/span><\/label><br \/>\n<label><br \/>\n<span class=\"wpcf7-form-control-wrap\" data-name=\"your-email\"><input size=\"40\" maxlength=\"400\" class=\"wpcf7-form-control wpcf7-email wpcf7-validates-as-required wpcf7-text wpcf7-validates-as-email\" aria-required=\"true\" aria-invalid=\"false\" placeholder=\"Email\" value=\"\" type=\"email\" name=\"your-email\" \/><\/span> <\/label><br \/>\n<label><br \/>\n<span class=\"wpcf7-form-control-wrap\" data-name=\"tel-491\"><input size=\"40\" maxlength=\"400\" class=\"wpcf7-form-control wpcf7-tel wpcf7-validates-as-required wpcf7-text wpcf7-validates-as-tel\" aria-required=\"true\" aria-invalid=\"false\" placeholder=\"Phone\" value=\"\" type=\"tel\" name=\"tel-491\" \/><\/span><\/label><br \/>\n<label><br \/>\n<span class=\"wpcf7-form-control-wrap\" data-name=\"your-message\"><textarea cols=\"40\" rows=\"10\" maxlength=\"2000\" class=\"wpcf7-form-control wpcf7-textarea wpcf7-validates-as-required\" aria-required=\"true\" aria-invalid=\"false\" placeholder=\"Message\" name=\"your-message\"><\/textarea><\/span> <\/label>\n<\/p>\n<p><label class=\"mylabel\"><br \/>\n<span class='text20'><span class=\"wpcf7-form-control-wrap\" data-name=\"acceptance-118\"><span class=\"wpcf7-form-control wpcf7-acceptance\"><span class=\"wpcf7-list-item\"><input type=\"checkbox\" name=\"acceptance-118\" value=\"1\" aria-invalid=\"false\" \/><\/span><\/span><\/span> By checking the box, you agree to the processing of your personal data for the purpose of resolving the message. I have read and agree to <a href='https:\/\/dentalinn.ro\/en\/termeni-si-conditii\/'>Terms and Conditions<\/a> and <a href='https:\/\/dentalinn.ro\/en\/confidentialitate\/''>Privacy Policy<\/a><\/span>. <\/label>\n<\/p>\n<p><input class=\"wpcf7-form-control wpcf7-submit has-spinner\" type=\"submit\" value=\"Send\" \/>\n<\/p><div class=\"wpcf7-response-output\" aria-hidden=\"true\"><\/div>\n<input type=\"hidden\" name=\"trp-form-language\" value=\"en\"\/><\/form>\n<\/div>\n\n\n\n\t\t<\/div>\n\t\t\t\t\t<\/div>\n\n\t\n\n<\/div>\n\n\t<section class=\"section hide-for-small\" id=\"section_1639227534\">\n\t\t<div class=\"section-bg fill\" >\n\t\t\t\t\t\t\t\t\t\n\t\t\t\n\n\t\t<\/div>\n\n\t\t\n\n\t\t<div class=\"section-content relative\">\n\t\t\t\n\n<div class=\"row\"  id=\"row-139300995\">\n\n\n\t<div id=\"col-1941286076\" class=\"col small-12 large-12\"  >\n\t\t\t\t<div class=\"col-inner text-left\"  >\n\t\t\t\n\t\t\t\n\n\t<div id=\"text-2590211235\" class=\"text\">\n\t\t\n\n<h2 class=\"uppercase\">Reserve your spot now<\/h2>\n\t\t\n<style>\n#text-2590211235 {\n  text-align: left;\n}\n<\/style>\n\t<\/div>\n\t\n<div class=\"is-divider divider clearfix\" style=\"margin-top:10px;margin-bottom:10px;max-width:800px;height:2px;background-color:#866a4c;\"><\/div>\n\n<span class=\"scroll-to\" data-label=\"Scroll to: #formular\" data-bullet=\"false\" data-link=\"#formular\" data-title=\"formular\"><a name=\"formular\"><\/a><\/span>\n\n\t<div id=\"text-620624093\" class=\"text\">\n\t\t\n\n<p>A smile is the most beautiful accessory you can wear. Our team of specialist doctors will help guide you to ensure you receive the most suitable treatment for you.<\/p>\n\t\t\n<style>\n#text-620624093 {\n  font-size: 1.1rem;\n  text-align: left;\n}\n<\/style>\n\t<\/div>\n\t\n\n\t\t<\/div>\n\t\t\t\t\t<\/div>\n\n\t\n\n<\/div>\n<div class=\"row row-divided\"  id=\"row-1680219494\">\n\n\n\t<div id=\"col-750956590\" class=\"col medium-6 small-12 large-6\"  >\n\t\t\t\t<div class=\"col-inner text-left\"  >\n\t\t\t\n\t\t\t\n\n\n<div class=\"wpcf7 no-js\" id=\"wpcf7-f16-o2\" lang=\"en-US\" dir=\"ltr\" data-wpcf7-id=\"16\">\n<div class=\"screen-reader-response\"><p role=\"status\" aria-live=\"polite\" aria-atomic=\"true\"><\/p> <ul><\/ul><\/div>\n<form action=\"\/en\/wp-json\/wp\/v2\/posts\/3235#wpcf7-f16-o2\" method=\"post\" class=\"wpcf7-form init\" aria-label=\"Contact form\" novalidate=\"novalidate\" data-status=\"init\" data-trp-original-action=\"\/en\/wp-json\/wp\/v2\/posts\/3235#wpcf7-f16-o2\">\n<fieldset class=\"hidden-fields-container\"><input type=\"hidden\" name=\"_wpcf7\" value=\"16\" \/><input type=\"hidden\" name=\"_wpcf7_version\" value=\"6.1.5\" \/><input type=\"hidden\" name=\"_wpcf7_locale\" value=\"en_US\" \/><input type=\"hidden\" name=\"_wpcf7_unit_tag\" value=\"wpcf7-f16-o2\" \/><input type=\"hidden\" name=\"_wpcf7_container_post\" value=\"0\" \/><input type=\"hidden\" name=\"_wpcf7_posted_data_hash\" value=\"\" \/><input type=\"hidden\" name=\"_wpcf7_recaptcha_response\" value=\"\" \/>\n<\/fieldset>\n<p><label><br \/>\n<span class=\"wpcf7-form-control-wrap\" data-name=\"text-352\"><input size=\"40\" maxlength=\"400\" class=\"wpcf7-form-control wpcf7-text wpcf7-validates-as-required\" aria-required=\"true\" aria-invalid=\"false\" placeholder=\"First and last name\" value=\"\" type=\"text\" name=\"text-352\" \/><\/span><\/label><br \/>\n<label><br \/>\n<span class=\"wpcf7-form-control-wrap\" data-name=\"your-email\"><input size=\"40\" maxlength=\"400\" class=\"wpcf7-form-control wpcf7-email wpcf7-validates-as-required wpcf7-text wpcf7-validates-as-email\" aria-required=\"true\" aria-invalid=\"false\" placeholder=\"Email\" value=\"\" type=\"email\" name=\"your-email\" \/><\/span> <\/label><br \/>\n<label><br \/>\n<span class=\"wpcf7-form-control-wrap\" data-name=\"tel-491\"><input size=\"40\" maxlength=\"400\" class=\"wpcf7-form-control wpcf7-tel wpcf7-validates-as-required wpcf7-text wpcf7-validates-as-tel\" aria-required=\"true\" aria-invalid=\"false\" placeholder=\"Phone\" value=\"\" type=\"tel\" name=\"tel-491\" \/><\/span><\/label><br \/>\n<label><br \/>\n<span class=\"wpcf7-form-control-wrap\" data-name=\"your-message\"><textarea cols=\"40\" rows=\"10\" maxlength=\"2000\" class=\"wpcf7-form-control wpcf7-textarea wpcf7-validates-as-required\" aria-required=\"true\" aria-invalid=\"false\" placeholder=\"Message\" name=\"your-message\"><\/textarea><\/span> <\/label>\n<\/p>\n<p><label class=\"mylabel\"><br \/>\n<span class='text20'><span class=\"wpcf7-form-control-wrap\" data-name=\"acceptance-118\"><span class=\"wpcf7-form-control wpcf7-acceptance\"><span class=\"wpcf7-list-item\"><input type=\"checkbox\" name=\"acceptance-118\" value=\"1\" aria-invalid=\"false\" \/><\/span><\/span><\/span> By checking the box, you agree to the processing of your personal data for the purpose of resolving the message. I have read and agree to <a href='https:\/\/dentalinn.ro\/en\/termeni-si-conditii\/'>Terms and Conditions<\/a> and <a href='https:\/\/dentalinn.ro\/en\/confidentialitate\/''>Privacy Policy<\/a><\/span>. <\/label>\n<\/p>\n<p><input class=\"wpcf7-form-control wpcf7-submit has-spinner\" type=\"submit\" value=\"Send\" \/>\n<\/p><div class=\"wpcf7-response-output\" aria-hidden=\"true\"><\/div>\n<input type=\"hidden\" name=\"trp-form-language\" value=\"en\"\/><\/form>\n<\/div>\n\n\n\n\t\t<\/div>\n\t\t\t\t\t<\/div>\n\n\t\n\n\t<div id=\"col-933068519\" class=\"col medium-6 small-12 large-6\"  >\n\t\t\t\t<div class=\"col-inner text-center\"  >\n\t\t\t\n\t\t\t\n\n<p><iframe src=\"https:\/\/www.google.com\/maps\/embed?pb=!1m18!1m12!1m3!1d1394.6165724906152!2d25.621192894028578!3d45.64613954693997!2m3!1f0!2f0!3f0!3m2!1i1024!2i768!4f13.1!3m3!1m2!1s0x40b35d6f297c939d%3A0x7e2b585dc3bdb913!2sDental%20INN!5e0!3m2!1sen!2sro!4v1727775058202!5m2!1sen!2sro\" width=\"1920\" height=\"450\" style=\"border:0;\" allowfullscreen=\"\" loading=\"lazy\" referrerpolicy=\"no-referrer-when-downgrade\"><\/iframe><\/p>\n\n\t\t<\/div>\n\t\t\t\t\n<style>\n#col-933068519 > .col-inner {\n  padding: 0px 0px 0px 0px;\n  margin: 0px 0px -50px 0px;\n}\n<\/style>\n\t<\/div>\n\n\t\n\n<\/div>\n\n\t\t<\/div>\n\n\t\t\n<style>\n#section_1639227534 {\n  padding-top: 30px;\n  padding-bottom: 30px;\n  background-color: rgb(255,255,255);\n}\n<\/style>\n\t<\/section>\n\t\n\n\n\n<p><\/p>\n\n\n\n\n\t<section class=\"section\" id=\"section_635896912\">\n\t\t<div class=\"section-bg fill\" >\n\t\t\t\t\t\t\t\t\t\n\t\t\t\n\n\t\t<\/div>\n\n\t\t\n\n\t\t<div class=\"section-content relative\">\n\t\t\t\n\n\n\t\t<\/div>\n\n\t\t\n<style>\n#section_635896912 {\n  padding-top: 30px;\n  padding-bottom: 30px;\n}\n<\/style>\n\t<\/section>","protected":false},"excerpt":{"rendered":"<p>Trebuie s\u0103 v\u0103 spunem un adev\u0103r dur, pe care mul\u021bi oameni \u00eel evit\u0103 sau \u00eel afl\u0103 atunci c\u00e2nd consecin\u021bele sunt deja grave. Un adev\u0103r pe care, din onestitate \u0219i respect pentru s\u0103n\u0103tatea dumneavoastr\u0103, vi-l transmitem direct: a a\u0219tepta s\u0103 apar\u0103 durerea pentru a trata problemele gingivale este cea mai mare gre\u0219eal\u0103 pe care o pute\u021bi face.<br \/>\nLa Dental Inn Bra\u0219ov, credem \u00een onestitate \u0219i \u00een puterea preven\u021biei. De aceea, vrem s\u0103 \u00een\u021belege\u021bi de ce boala parodontal\u0103 este un inamic t\u0103cut \u0219i de ce ac\u021biunea timpurie este esen\u021bial\u0103.<br \/>\nDr. Ioana Zainea, specialistul nostru \u00een parodontologie, v\u0103 dezv\u0103luie realitatea din spatele durerii \u00een boala parodontal\u0103.<\/p>","protected":false},"author":2,"featured_media":3239,"comment_status":"open","ping_status":"open","sticky":false,"template":"","format":"standard","meta":{"footnotes":""},"categories":[77,1],"tags":[],"class_list":["post-3235","post","type-post","status-publish","format-standard","has-post-thumbnail","hentry","category-stomatologie-generala","category-toate-articolele"],"_links":{"self":[{"href":"https:\/\/dentalinn.ro\/en\/wp-json\/wp\/v2\/posts\/3235","targetHints":{"allow":["GET"]}}],"collection":[{"href":"https:\/\/dentalinn.ro\/en\/wp-json\/wp\/v2\/posts"}],"about":[{"href":"https:\/\/dentalinn.ro\/en\/wp-json\/wp\/v2\/types\/post"}],"author":[{"embeddable":true,"href":"https:\/\/dentalinn.ro\/en\/wp-json\/wp\/v2\/users\/2"}],"replies":[{"embeddable":true,"href":"https:\/\/dentalinn.ro\/en\/wp-json\/wp\/v2\/comments?post=3235"}],"version-history":[{"count":7,"href":"https:\/\/dentalinn.ro\/en\/wp-json\/wp\/v2\/posts\/3235\/revisions"}],"predecessor-version":[{"id":3252,"href":"https:\/\/dentalinn.ro\/en\/wp-json\/wp\/v2\/posts\/3235\/revisions\/3252"}],"wp:featuredmedia":[{"embeddable":true,"href":"https:\/\/dentalinn.ro\/en\/wp-json\/wp\/v2\/media\/3239"}],"wp:attachment":[{"href":"https:\/\/dentalinn.ro\/en\/wp-json\/wp\/v2\/media?parent=3235"}],"wp:term":[{"taxonomy":"category","embeddable":true,"href":"https:\/\/dentalinn.ro\/en\/wp-json\/wp\/v2\/categories?post=3235"},{"taxonomy":"post_tag","embeddable":true,"href":"https:\/\/dentalinn.ro\/en\/wp-json\/wp\/v2\/tags?post=3235"}],"curies":[{"name":"wp","href":"https:\/\/api.w.org\/{rel}","templated":true}]}}