{"id":3024,"date":"2025-08-15T13:59:23","date_gmt":"2025-08-15T13:59:23","guid":{"rendered":"https:\/\/dentalinn.ro\/?p=3024"},"modified":"2025-09-21T13:10:40","modified_gmt":"2025-09-21T13:10:40","slug":"fatete-dentare-vs-albire-profesionala-brasov","status":"publish","type":"post","link":"https:\/\/dentalinn.ro\/en\/fatete-dentare-vs-albire-profesionala-brasov\/","title":{"rendered":"Fa\u021bete dentare sau albire profesional\u0103 \u00een Bra\u0219ov? Ghid complet pentru a alege corect"},"content":{"rendered":"<div class=\"row\"  id=\"row-80466316\">\n\n\n\t<div id=\"col-1467772346\" class=\"col medium-5 small-12 large-5\"  >\n\t\t\t\t<div class=\"col-inner\"  >\n\t\t\t\n\t\t\t\n\n<p>V\u0103 dori\u021bi un z\u00e2mbet mai alb, mai luminos \u0219i mai atr\u0103g\u0103tor, dar sunte\u021bi indecis \u00een privin\u021ba metodei potrivite? \u00cen lumea esteticii dentare, dou\u0103 dintre cele mai populare op\u021biuni sunt albirea profesional\u0103 \u0219i fa\u021betele dentare. Ambele promit rezultate spectaculoase, dar r\u0103spund unor nevoi fundamental diferite.<\/p>\n<p>Alegerea corect\u0103 depinde de starea actual\u0103 a din\u021bilor dumneavoastr\u0103 \u0219i, cel mai important, de rezultatul final pe care vi-l dori\u021bi. A\u0219a cum explic\u0103 <strong>Dr. Georgiana Oancea<\/strong>, medic specializat \u00een estetic\u0103 dentar\u0103 la Dental Inn Bra\u0219ov, <strong>&#8222;albirea dentar\u0103 are limite, iar fa\u021betele le dep\u0103\u0219esc.&#8221;<\/strong><\/p>\n\n\t\t<\/div>\n\t\t\t\t\t<\/div>\n\n\t\n\n\t<div id=\"col-2060741088\" class=\"col medium-7 small-12 large-7\"  >\n\t\t\t\t<div class=\"col-inner\"  >\n\t\t\t\n\t\t\t\n\n<div class=\"video video-fit mb\" style=\"padding-top:85%;\"><iframe loading=\"lazy\" title=\"Fa\u021bete Dentare sau Albire Profesional\u0103 \u00een Bra\u0219ov\" width=\"563\" height=\"1000\" src=\"https:\/\/www.youtube.com\/embed\/6K26zk-W95Q?feature=oembed\" frameborder=\"0\" allow=\"accelerometer; autoplay; clipboard-write; encrypted-media; gyroscope; picture-in-picture; web-share\" referrerpolicy=\"strict-origin-when-cross-origin\" allowfullscreen><\/iframe><\/div>\n\n\n\t\t<\/div>\n\t\t\t\t\t<\/div>\n\n\t\n\n\t<div id=\"col-1997261981\" class=\"col small-12 large-12\"  >\n\t\t\t\t<div class=\"col-inner\"  >\n\t\t\t\n\t\t\t\n\n<h2>Albirea dentar\u0103 profesional\u0103: c\u00e2nd este solu\u021bia ideal\u0103?<\/h2>\n<p>Albirea dentar\u0103 profesional\u0103 este un tratament excelent, rapid \u0219i non-invaziv, care utilizeaz\u0103 geluri speciale pentru a \u00eendep\u0103rta petele \u0219i a deschide culoarea natural\u0103 a din\u021bilor.<\/p>\n<p><strong>Albirea este perfect\u0103 pentru dumneavoastr\u0103 dac\u0103:<\/strong><\/p>\n<ul>\n<li>Sunte\u021bi <strong>mul\u021bumit de forma, alinierea \u0219i dimensiunea<\/strong> din\u021bilor dumneavoastr\u0103.<\/li>\n<li>Singura problem\u0103 este <strong>culoarea<\/strong>, care s-a modificat \u00een timp din cauza consumului de cafea, ceai, vin ro\u0219u sau fumat.<\/li>\n<li>V\u0103 dori\u021bi o re\u00eemprosp\u0103tare rapid\u0103 a z\u00e2mbetului pentru un eveniment important.<\/li>\n<\/ul>\n<p><strong>Care sunt limitele albirii dentare?<\/strong> Dup\u0103 cum se men\u021bioneaz\u0103 \u00een video, <strong>&#8222;albirea nu este de ajuns&#8221;<\/strong> dac\u0103 v\u0103 confrunta\u021bi cu:<\/p>\n<ul>\n<li><strong>Pete profunde:<\/strong> Pete cauzate de tetraciclin\u0103 sau alte medicamente.<\/li>\n<li><strong>Din\u021bi devitali:<\/strong> Un dinte tratat pe canal se \u00eenchide la culoare din interior, iar albirea extern\u0103 nu are efect.<\/li>\n<li><strong>Obtura\u021bii (plombe) vizibile:<\/strong> Materialul plombelor nu se albe\u0219te, iar dup\u0103 procedur\u0103 contrastul dintre dinte \u0219i plomb\u0103 va fi \u0219i mai evident.<\/li>\n<li><strong>Nevoia de a modifica forma:<\/strong> Albirea schimb\u0103 doar culoarea, nu poate corecta un dinte ciobit, prea scurt sau tocit.<\/li>\n<\/ul>\n<hr \/>\n<h2>Fa\u021betele dentare: solu\u021bia complet\u0103 pentru o transformare de durat\u0103<\/h2>\n<p>Fa\u021betele dentare sunt foi\u021be sub\u021biri de ceramic\u0103, personalizate, care se aplic\u0103 pe suprafa\u021ba vizibil\u0103 a din\u021bilor. Ele nu doar albesc, ci practic redeseneaz\u0103 z\u00e2mbetul.<\/p>\n<p><strong>Fa\u021betele sunt solu\u021bia superioar\u0103 dac\u0103:<\/strong><\/p>\n<ul>\n<li>V\u0103 dori\u021bi o <strong>schimbare complet\u0103:<\/strong> corectarea culorii, dar <strong>\u0218I a formei, lungimii sau a micilor alinieri.<\/strong><\/li>\n<li>Ave\u021bi <strong>pete profunde sau din\u021bi devitali<\/strong> pe care albirea nu \u00eei poate corecta.<\/li>\n<li>Vre\u021bi s\u0103 <strong>\u00eenchide\u021bi spa\u021bii<\/strong> inestetice dintre din\u021bi (strung\u0103rea\u021b\u0103).<\/li>\n<li>V\u0103 dori\u021bi un rezultat <strong>stabil \u0219i durabil<\/strong>, care <strong>&#8222;r\u0103m\u00e2ne neschimbat ani la r\u00e2nd&#8221;<\/strong>.<\/li>\n<\/ul>\n<p>Unul dintre cele mai mari avantaje ale fa\u021betelor ceramice este c\u0103 <strong>&#8222;nu sunt afectate de cafea, vin \u0219i fumat&#8221;<\/strong>, p\u0103str\u00e2ndu-\u0219i culoarea \u0219i str\u0103lucirea \u00een timp, spre deosebire de din\u021bii naturali, care se vor repigmenta.<\/p>\n<hr \/>\n\n\t\t<\/div>\n\t\t\t\t\t<\/div>\n\n\t\n\n\t<div id=\"col-670666989\" class=\"col small-12 large-12\"  >\n\t\t\t\t<div class=\"col-inner\"  >\n\t\t\t\n\t\t\t\n\n<h2 id=\"tablepress-16-name\" class=\"tablepress-table-name tablepress-table-name-id-16\">Tabel Comparativ: Fa\u021bete vs. Albire<\/h2>\n\n<table id=\"tablepress-16\" class=\"tablepress tablepress-id-16\" aria-labelledby=\"tablepress-16-name\">\n<tbody class=\"row-striping\">\n<tr class=\"row-1\">\n\t<td class=\"column-1\"><strong>Caracteristic\u0103<\/strong><\/td><td class=\"column-2\">Albire Dentar\u0103 Profesional\u0103<\/td><td class=\"column-3\">Fa\u021bete Dentare Ceramice<\/td>\n<\/tr>\n<tr class=\"row-2\">\n\t<td class=\"column-1\"><strong>Obiectiv Principal<\/strong><\/td><td class=\"column-2\">Schimb\u0103 doar culoarea<\/td><td class=\"column-3\">Schimb\u0103 culoarea, forma, lungimea, \u00eenchide spa\u021bii<\/td>\n<\/tr>\n<tr class=\"row-3\">\n\t<td class=\"column-1\"><strong>Durabilitatea Rezultatului<\/strong><\/td><td class=\"column-2\">Temporar (se reface periodic, de obicei anual)<\/td><td class=\"column-3\">De lung\u0103 durat\u0103 (10-15+ ani)<\/td>\n<\/tr>\n<tr class=\"row-4\">\n\t<td class=\"column-1\"><strong>Rezisten\u021ba la Pete<\/strong><\/td><td class=\"column-2\">Din\u021bii naturali se pot repigmenta \u00een timp<\/td><td class=\"column-3\">Foarte rezistente la petele de cafea, vin, etc.<\/td>\n<\/tr>\n<tr class=\"row-5\">\n\t<td class=\"column-1\"><strong>Invazivitate<\/strong><\/td><td class=\"column-2\">Non-invaziv<\/td><td class=\"column-3\">Minim-invaziv (\u0219lefuire foarte fin\u0103 a smal\u021bului)<\/td>\n<\/tr>\n<tr class=\"row-6\">\n\t<td class=\"column-1\"><strong>Ideal Pentru<\/strong><\/td><td class=\"column-2\">Pete de suprafa\u021b\u0103, din\u021bi cu form\u0103 corect\u0103<\/td><td class=\"column-3\">Pete profunde, din\u021bi toci\u021bi, imperfec\u021biuni de form\u0103<\/td>\n<\/tr>\n<\/tbody>\n<\/table>\n<!-- #tablepress-16 from cache -->\n<hr \/>\n\n\t\t<\/div>\n\t\t\t\t\t<\/div>\n\n\t\n\n\t<div id=\"col-616089929\" class=\"col small-12 large-12\"  >\n\t\t\t\t<div class=\"col-inner\"  >\n\t\t\t\n\t\t\t\n\n<h2>Diferen\u021ba cheie: estetic\u0103 de moment vs. durabilitate<\/h2>\n<blockquote>\n<p><strong>&#8222;Este important este s\u0103 \u00een\u021belege\u021bi c\u0103 diferen\u021ba nu este doar estetic\u0103, ci \u0219i de durabilitate.&#8221;<\/strong><\/p>\n<\/blockquote>\n<p>Albirea dentar\u0103 este ca un refresh pentru z\u00e2mbetul dumneavoastr\u0103, un tratament excelent cu rezultate imediate, dar care necesit\u0103 \u00eentre\u021binere. Fa\u021betele dentare sunt o reconstruc\u021bie estetic\u0103, o investi\u021bie \u00eentr-un rezultat stabil \u0219i de lung\u0103 durat\u0103, care v\u0103 va oferi \u00eencredere pentru mul\u021bi ani de acum \u00eenainte.<\/p>\n\n\t\t<\/div>\n\t\t\t\t\t<\/div>\n\n\t\n\n<\/div>\n<div class=\"row show-for-small\"  id=\"row-518669742\">\n\n\n\t<div id=\"col-1172411043\" class=\"col small-12 large-12\"  data-animate=\"fadeInUp\">\n\t\t\t\t<div class=\"col-inner\"  >\n\t\t\t\n\t\t\t\n\n<p class=\"uppercase\"><strong><span style=\"font-size: 150%;\" data-line-height=\"s\">Reserve your spot now <\/span><\/strong><\/p>\n<div class=\"is-divider divider clearfix\" style=\"margin-top:0px;margin-bottom:0px;max-width:300px;height:1px;background-color:rgb(170, 172, 161);\"><\/div>\n\n<p>A smile is the most beautiful accessory you can wear. Our team of specialist doctors will help guide you to ensure you receive the most suitable treatment for you.<\/p>\n<span class=\"scroll-to\" data-label=\"Scroll to: #form\" data-bullet=\"false\" data-link=\"#form\" data-title=\"form\"><a name=\"form\"><\/a><\/span>\n\n\n<div class=\"wpcf7 no-js\" id=\"wpcf7-f16-o1\" lang=\"en-US\" dir=\"ltr\" data-wpcf7-id=\"16\">\n<div class=\"screen-reader-response\"><p role=\"status\" aria-live=\"polite\" aria-atomic=\"true\"><\/p> <ul><\/ul><\/div>\n<form action=\"\/en\/wp-json\/wp\/v2\/posts\/3024#wpcf7-f16-o1\" method=\"post\" class=\"wpcf7-form init\" aria-label=\"Contact form\" novalidate=\"novalidate\" data-status=\"init\" data-trp-original-action=\"\/en\/wp-json\/wp\/v2\/posts\/3024#wpcf7-f16-o1\">\n<fieldset class=\"hidden-fields-container\"><input type=\"hidden\" name=\"_wpcf7\" value=\"16\" \/><input type=\"hidden\" name=\"_wpcf7_version\" value=\"6.1.5\" \/><input type=\"hidden\" name=\"_wpcf7_locale\" value=\"en_US\" \/><input type=\"hidden\" name=\"_wpcf7_unit_tag\" value=\"wpcf7-f16-o1\" \/><input type=\"hidden\" name=\"_wpcf7_container_post\" value=\"0\" \/><input type=\"hidden\" name=\"_wpcf7_posted_data_hash\" value=\"\" \/><input type=\"hidden\" name=\"_wpcf7_recaptcha_response\" value=\"\" \/>\n<\/fieldset>\n<p><label><br \/>\n<span class=\"wpcf7-form-control-wrap\" data-name=\"text-352\"><input size=\"40\" maxlength=\"400\" class=\"wpcf7-form-control wpcf7-text wpcf7-validates-as-required\" aria-required=\"true\" aria-invalid=\"false\" placeholder=\"First and last name\" value=\"\" type=\"text\" name=\"text-352\" \/><\/span><\/label><br \/>\n<label><br \/>\n<span class=\"wpcf7-form-control-wrap\" data-name=\"your-email\"><input size=\"40\" maxlength=\"400\" class=\"wpcf7-form-control wpcf7-email wpcf7-validates-as-required wpcf7-text wpcf7-validates-as-email\" aria-required=\"true\" aria-invalid=\"false\" placeholder=\"Email\" value=\"\" type=\"email\" name=\"your-email\" \/><\/span> <\/label><br \/>\n<label><br \/>\n<span class=\"wpcf7-form-control-wrap\" data-name=\"tel-491\"><input size=\"40\" maxlength=\"400\" class=\"wpcf7-form-control wpcf7-tel wpcf7-validates-as-required wpcf7-text wpcf7-validates-as-tel\" aria-required=\"true\" aria-invalid=\"false\" placeholder=\"Phone\" value=\"\" type=\"tel\" name=\"tel-491\" \/><\/span><\/label><br \/>\n<label><br \/>\n<span class=\"wpcf7-form-control-wrap\" data-name=\"your-message\"><textarea cols=\"40\" rows=\"10\" maxlength=\"2000\" class=\"wpcf7-form-control wpcf7-textarea wpcf7-validates-as-required\" aria-required=\"true\" aria-invalid=\"false\" placeholder=\"Message\" name=\"your-message\"><\/textarea><\/span> <\/label>\n<\/p>\n<p><label class=\"mylabel\"><br \/>\n<span class='text20'><span class=\"wpcf7-form-control-wrap\" data-name=\"acceptance-118\"><span class=\"wpcf7-form-control wpcf7-acceptance\"><span class=\"wpcf7-list-item\"><input type=\"checkbox\" name=\"acceptance-118\" value=\"1\" aria-invalid=\"false\" \/><\/span><\/span><\/span> By checking the box, you agree to the processing of your personal data for the purpose of resolving the message. I have read and agree to <a href='https:\/\/dentalinn.ro\/en\/termeni-si-conditii\/'>Terms and Conditions<\/a> and <a href='https:\/\/dentalinn.ro\/en\/confidentialitate\/''>Privacy Policy<\/a><\/span>. <\/label>\n<\/p>\n<p><input class=\"wpcf7-form-control wpcf7-submit has-spinner\" type=\"submit\" value=\"Send\" \/>\n<\/p><div class=\"wpcf7-response-output\" aria-hidden=\"true\"><\/div>\n<input type=\"hidden\" name=\"trp-form-language\" value=\"en\"\/><\/form>\n<\/div>\n\n\n\n\t\t<\/div>\n\t\t\t\t\t<\/div>\n\n\t\n\n<\/div>\n\n\t<section class=\"section hide-for-small\" id=\"section_1046456708\">\n\t\t<div class=\"section-bg fill\" >\n\t\t\t\t\t\t\t\t\t\n\t\t\t\n\n\t\t<\/div>\n\n\t\t\n\n\t\t<div class=\"section-content relative\">\n\t\t\t\n\n<div class=\"row\"  id=\"row-849186740\">\n\n\n\t<div id=\"col-919873171\" class=\"col small-12 large-12\"  >\n\t\t\t\t<div class=\"col-inner text-left\"  >\n\t\t\t\n\t\t\t\n\n\t<div id=\"text-1592535658\" class=\"text\">\n\t\t\n\n<h2 class=\"uppercase\">Reserve your spot now<\/span><\/h2>\n\t\t\n<style>\n#text-1592535658 {\n  text-align: left;\n}\n<\/style>\n\t<\/div>\n\t\n<div class=\"is-divider divider clearfix\" style=\"margin-top:10px;margin-bottom:10px;max-width:800px;height:2px;background-color:#866a4c;\"><\/div>\n\n<span class=\"scroll-to\" data-label=\"Scroll to: #formular\" data-bullet=\"false\" data-link=\"#formular\" data-title=\"formular\"><a name=\"formular\"><\/a><\/span>\n\n\t<div id=\"text-973965713\" class=\"text\">\n\t\t\n\n<p>A smile is the most beautiful accessory you can wear. Our team of specialist doctors will help guide you to ensure you receive the most suitable treatment for you.<\/p>\n\t\t\n<style>\n#text-973965713 {\n  font-size: 1.1rem;\n  text-align: left;\n}\n<\/style>\n\t<\/div>\n\t\n\n\t\t<\/div>\n\t\t\t\t\t<\/div>\n\n\t\n\n<\/div>\n<div class=\"row row-divided\"  id=\"row-1181947818\">\n\n\n\t<div id=\"col-1151547868\" class=\"col medium-6 small-6 large-6\"  >\n\t\t\t\t<div class=\"col-inner text-left\"  >\n\t\t\t\n\t\t\t\n\n\n<div class=\"wpcf7 no-js\" id=\"wpcf7-f16-o2\" lang=\"en-US\" dir=\"ltr\" data-wpcf7-id=\"16\">\n<div class=\"screen-reader-response\"><p role=\"status\" aria-live=\"polite\" aria-atomic=\"true\"><\/p> <ul><\/ul><\/div>\n<form action=\"\/en\/wp-json\/wp\/v2\/posts\/3024#wpcf7-f16-o2\" method=\"post\" class=\"wpcf7-form init\" aria-label=\"Contact form\" novalidate=\"novalidate\" data-status=\"init\" data-trp-original-action=\"\/en\/wp-json\/wp\/v2\/posts\/3024#wpcf7-f16-o2\">\n<fieldset class=\"hidden-fields-container\"><input type=\"hidden\" name=\"_wpcf7\" value=\"16\" \/><input type=\"hidden\" name=\"_wpcf7_version\" value=\"6.1.5\" \/><input type=\"hidden\" name=\"_wpcf7_locale\" value=\"en_US\" \/><input type=\"hidden\" name=\"_wpcf7_unit_tag\" value=\"wpcf7-f16-o2\" \/><input type=\"hidden\" name=\"_wpcf7_container_post\" value=\"0\" \/><input type=\"hidden\" name=\"_wpcf7_posted_data_hash\" value=\"\" \/><input type=\"hidden\" name=\"_wpcf7_recaptcha_response\" value=\"\" \/>\n<\/fieldset>\n<p><label><br \/>\n<span class=\"wpcf7-form-control-wrap\" data-name=\"text-352\"><input size=\"40\" maxlength=\"400\" class=\"wpcf7-form-control wpcf7-text wpcf7-validates-as-required\" aria-required=\"true\" aria-invalid=\"false\" placeholder=\"First and last name\" value=\"\" type=\"text\" name=\"text-352\" \/><\/span><\/label><br \/>\n<label><br \/>\n<span class=\"wpcf7-form-control-wrap\" data-name=\"your-email\"><input size=\"40\" maxlength=\"400\" class=\"wpcf7-form-control wpcf7-email wpcf7-validates-as-required wpcf7-text wpcf7-validates-as-email\" aria-required=\"true\" aria-invalid=\"false\" placeholder=\"Email\" value=\"\" type=\"email\" name=\"your-email\" \/><\/span> <\/label><br \/>\n<label><br \/>\n<span class=\"wpcf7-form-control-wrap\" data-name=\"tel-491\"><input size=\"40\" maxlength=\"400\" class=\"wpcf7-form-control wpcf7-tel wpcf7-validates-as-required wpcf7-text wpcf7-validates-as-tel\" aria-required=\"true\" aria-invalid=\"false\" placeholder=\"Phone\" value=\"\" type=\"tel\" name=\"tel-491\" \/><\/span><\/label><br \/>\n<label><br \/>\n<span class=\"wpcf7-form-control-wrap\" data-name=\"your-message\"><textarea cols=\"40\" rows=\"10\" maxlength=\"2000\" class=\"wpcf7-form-control wpcf7-textarea wpcf7-validates-as-required\" aria-required=\"true\" aria-invalid=\"false\" placeholder=\"Message\" name=\"your-message\"><\/textarea><\/span> <\/label>\n<\/p>\n<p><label class=\"mylabel\"><br \/>\n<span class='text20'><span class=\"wpcf7-form-control-wrap\" data-name=\"acceptance-118\"><span class=\"wpcf7-form-control wpcf7-acceptance\"><span class=\"wpcf7-list-item\"><input type=\"checkbox\" name=\"acceptance-118\" value=\"1\" aria-invalid=\"false\" \/><\/span><\/span><\/span> By checking the box, you agree to the processing of your personal data for the purpose of resolving the message. I have read and agree to <a href='https:\/\/dentalinn.ro\/en\/termeni-si-conditii\/'>Terms and Conditions<\/a> and <a href='https:\/\/dentalinn.ro\/en\/confidentialitate\/''>Privacy Policy<\/a><\/span>. <\/label>\n<\/p>\n<p><input class=\"wpcf7-form-control wpcf7-submit has-spinner\" type=\"submit\" value=\"Send\" \/>\n<\/p><div class=\"wpcf7-response-output\" aria-hidden=\"true\"><\/div>\n<input type=\"hidden\" name=\"trp-form-language\" value=\"en\"\/><\/form>\n<\/div>\n\n\n\n\t\t<\/div>\n\t\t\t\t\t<\/div>\n\n\t\n\n\t<div id=\"col-1824651103\" class=\"col medium-6 small-6 large-6\"  >\n\t\t\t\t<div class=\"col-inner text-center\"  >\n\t\t\t\n\t\t\t\n\n<p><iframe src=\"https:\/\/www.google.com\/maps\/embed?pb=!1m18!1m12!1m3!1d2789.2295374066157!2d25.622557800000003!3d45.646212000000006!2m3!1f0!2f0!3f0!3m2!1i1024!2i768!4f13.1!3m3!1m2!1s0x40b35c6330d1f967%3A0xba6211f631f50a42!2zU3RyYWRhIFTDonJuYXZlaSAzLCBCcmHImW92!5e0!3m2!1sen!2sro!4v1678368995268!5m2!1sen!2sro\" width=\"1920\" height=\"450\" style=\"border:0;\" allowfullscreen=\"\" loading=\"lazy\" referrerpolicy=\"no-referrer-when-downgrade\"><\/iframe><\/p>\n\n\t\t<\/div>\n\t\t\t\t\n<style>\n#col-1824651103 > .col-inner {\n  padding: 0px 0px 0px 0px;\n  margin: 0px 0px -50px 0px;\n}\n<\/style>\n\t<\/div>\n\n\t\n\n<\/div>\n\n\t\t<\/div>\n\n\t\t\n<style>\n#section_1046456708 {\n  padding-top: 30px;\n  padding-bottom: 30px;\n  background-color: rgb(255,255,255);\n}\n<\/style>\n\t<\/section>","protected":false},"excerpt":{"rendered":"<p>V\u0103 dori\u021bi un z\u00e2mbet mai alb, mai luminos \u0219i mai atr\u0103g\u0103tor, dar sunte\u021bi indecis \u00een privin\u021ba metodei potrivite? \u00cen lumea esteticii dentare, dou\u0103 dintre cele mai populare op\u021biuni sunt albirea profesional\u0103 \u0219i fa\u021betele dentare. Ambele promit rezultate spectaculoase, dar r\u0103spund unor nevoi fundamental diferite.<\/p>","protected":false},"author":2,"featured_media":3039,"comment_status":"open","ping_status":"open","sticky":false,"template":"","format":"standard","meta":{"footnotes":""},"categories":[74],"tags":[],"class_list":["post-3024","post","type-post","status-publish","format-standard","has-post-thumbnail","hentry","category-fatete-dentare"],"_links":{"self":[{"href":"https:\/\/dentalinn.ro\/en\/wp-json\/wp\/v2\/posts\/3024","targetHints":{"allow":["GET"]}}],"collection":[{"href":"https:\/\/dentalinn.ro\/en\/wp-json\/wp\/v2\/posts"}],"about":[{"href":"https:\/\/dentalinn.ro\/en\/wp-json\/wp\/v2\/types\/post"}],"author":[{"embeddable":true,"href":"https:\/\/dentalinn.ro\/en\/wp-json\/wp\/v2\/users\/2"}],"replies":[{"embeddable":true,"href":"https:\/\/dentalinn.ro\/en\/wp-json\/wp\/v2\/comments?post=3024"}],"version-history":[{"count":12,"href":"https:\/\/dentalinn.ro\/en\/wp-json\/wp\/v2\/posts\/3024\/revisions"}],"predecessor-version":[{"id":3151,"href":"https:\/\/dentalinn.ro\/en\/wp-json\/wp\/v2\/posts\/3024\/revisions\/3151"}],"wp:featuredmedia":[{"embeddable":true,"href":"https:\/\/dentalinn.ro\/en\/wp-json\/wp\/v2\/media\/3039"}],"wp:attachment":[{"href":"https:\/\/dentalinn.ro\/en\/wp-json\/wp\/v2\/media?parent=3024"}],"wp:term":[{"taxonomy":"category","embeddable":true,"href":"https:\/\/dentalinn.ro\/en\/wp-json\/wp\/v2\/categories?post=3024"},{"taxonomy":"post_tag","embeddable":true,"href":"https:\/\/dentalinn.ro\/en\/wp-json\/wp\/v2\/tags?post=3024"}],"curies":[{"name":"wp","href":"https:\/\/api.w.org\/{rel}","templated":true}]}}